{"id":15408,"date":"2017-12-27T06:38:00","date_gmt":"2017-12-27T05:38:00","guid":{"rendered":"https:\/\/www.tilmanvogler.com\/2017\/12\/garden-wedding-in-berlin\/"},"modified":"2020-06-03T10:15:52","modified_gmt":"2020-06-03T08:15:52","slug":"garden-wedding-in-berlin","status":"publish","type":"post","link":"https:\/\/www.tilmanvogler.com\/en\/2017\/12\/garden-wedding-in-berlin\/","title":{"rendered":"Garden wedding in Berlin"},"content":{"rendered":"<h2>A DIY wedding in Berlin Neuk\u00f6lln<\/h2>\n<h1><a href=\"https:\/\/www.tilmanvogler.com\/en\/2017\/12\/garden-wedding-in-berlin\/\"><img fetchpriority=\"high\" decoding=\"async\" class=\"alignnone wp-image-4619 size-full\" src=\"https:\/\/www.tilmanvogler.com\/wp-content\/uploads\/2017\/12\/Tilman-Vogler-Hochzeitsfotograf-Berlin-Solingen-Gartenhochzeit-Neuk\u00f6lln-43.jpg\" alt=\"Inspiration Gartenhochzeit unter Zelt\" width=\"760\" height=\"507\" srcset=\"https:\/\/www.tilmanvogler.com\/wp-content\/uploads\/2017\/12\/Tilman-Vogler-Hochzeitsfotograf-Berlin-Solingen-Gartenhochzeit-Neuk\u00f6lln-43.jpg 760w, https:\/\/www.tilmanvogler.com\/wp-content\/uploads\/2017\/12\/Tilman-Vogler-Hochzeitsfotograf-Berlin-Solingen-Gartenhochzeit-Neuk\u00f6lln-43-300x200.jpg 300w, https:\/\/www.tilmanvogler.com\/wp-content\/uploads\/2017\/12\/Tilman-Vogler-Hochzeitsfotograf-Berlin-Solingen-Gartenhochzeit-Neuk\u00f6lln-43-690x460.jpg 690w, https:\/\/www.tilmanvogler.com\/wp-content\/uploads\/2017\/12\/Tilman-Vogler-Hochzeitsfotograf-Berlin-Solingen-Gartenhochzeit-Neuk\u00f6lln-43-720x480.jpg 720w\" sizes=\"(max-width: 760px) 100vw, 760px\" \/><\/a><\/h1>\n<p><!--more--><\/p>\n<h3>Garden weddings are something truly special. No venue can ever be as personal and individual as your own home. This is why Sina and Andi weren&#8217;t looking for a &#8220;special&#8221; wedding location. They simply wanted to spend their day with families and close friends &#8211; and their home offered all that was needed for an excellent celebration.<\/h3>\n<p>The day started easy: while some were finishing off the decorations in the garden and others topped up their energy with croissants, coffee (and champagne), Sina and Andi got dressed. After getting ready we headed to the civil registry office in Neuk\u00f6lln. Civil ceremonies in Germany do have a reputation for sometimes being a bit dry and straightforward. This one might have been short but it was certainly beautiful, full of love and tears. The same goes for the ensuing reception in the courtyard of the historic building. It wasn&#8217;t fancy, there weren&#8217;t pretty tables and waiters serving drinks. Instead, there were a dozen bottles of good champagne, plastic cups and all their friends. That&#8217;s all that mattered to Sina and Andi.\u00a0And as if they hadn&#8217;t already shown the world how laid-back they are, they led the way home by motorbike. A relaxed afternoon by the pool followed. But see for yourself.<\/p>\n<p><img decoding=\"async\" class=\"alignnone size-full wp-image-4671\" src=\"https:\/\/www.tilmanvogler.com\/wp-content\/uploads\/2017\/12\/Tilman-Vogler-Hochzeitsfotograf-Berlin-Solingen-Gartenhochzeit-Neuk\u00f6lln-01.jpg\" alt=\"Gartenhochzeit mit Pool\" width=\"759\" height=\"524\" srcset=\"https:\/\/www.tilmanvogler.com\/wp-content\/uploads\/2017\/12\/Tilman-Vogler-Hochzeitsfotograf-Berlin-Solingen-Gartenhochzeit-Neuk\u00f6lln-01.jpg 759w, https:\/\/www.tilmanvogler.com\/wp-content\/uploads\/2017\/12\/Tilman-Vogler-Hochzeitsfotograf-Berlin-Solingen-Gartenhochzeit-Neuk\u00f6lln-01-300x207.jpg 300w, https:\/\/www.tilmanvogler.com\/wp-content\/uploads\/2017\/12\/Tilman-Vogler-Hochzeitsfotograf-Berlin-Solingen-Gartenhochzeit-Neuk\u00f6lln-01-690x476.jpg 690w, https:\/\/www.tilmanvogler.com\/wp-content\/uploads\/2017\/12\/Tilman-Vogler-Hochzeitsfotograf-Berlin-Solingen-Gartenhochzeit-Neuk\u00f6lln-01-720x497.jpg 720w\" sizes=\"(max-width: 759px) 100vw, 759px\" \/><\/p>\n<p><img decoding=\"async\" class=\"alignnone size-full wp-image-4627\" src=\"https:\/\/www.tilmanvogler.com\/wp-content\/uploads\/2017\/12\/Tilman-Vogler-Hochzeitsfotograf-Berlin-Solingen-Gartenhochzeit-Neuk\u00f6lln-07.jpg\" alt=\"Hochzeitsvorbereitungen fegen der Terrasse\" width=\"760\" height=\"507\" srcset=\"https:\/\/www.tilmanvogler.com\/wp-content\/uploads\/2017\/12\/Tilman-Vogler-Hochzeitsfotograf-Berlin-Solingen-Gartenhochzeit-Neuk\u00f6lln-07.jpg 760w, https:\/\/www.tilmanvogler.com\/wp-content\/uploads\/2017\/12\/Tilman-Vogler-Hochzeitsfotograf-Berlin-Solingen-Gartenhochzeit-Neuk\u00f6lln-07-300x200.jpg 300w, https:\/\/www.tilmanvogler.com\/wp-content\/uploads\/2017\/12\/Tilman-Vogler-Hochzeitsfotograf-Berlin-Solingen-Gartenhochzeit-Neuk\u00f6lln-07-690x460.jpg 690w, https:\/\/www.tilmanvogler.com\/wp-content\/uploads\/2017\/12\/Tilman-Vogler-Hochzeitsfotograf-Berlin-Solingen-Gartenhochzeit-Neuk\u00f6lln-07-720x480.jpg 720w\" sizes=\"(max-width: 760px) 100vw, 760px\" \/><\/p>\n<p><img loading=\"lazy\" decoding=\"async\" class=\"alignnone size-full wp-image-4623\" src=\"https:\/\/www.tilmanvogler.com\/wp-content\/uploads\/2017\/12\/Tilman-Vogler-Hochzeitsfotograf-Berlin-Solingen-Gartenhochzeit-Neuk\u00f6lln-03.jpg\" alt=\"Hochzeitsg\u00e4ste am Swimming-Pool\" width=\"759\" height=\"524\" srcset=\"https:\/\/www.tilmanvogler.com\/wp-content\/uploads\/2017\/12\/Tilman-Vogler-Hochzeitsfotograf-Berlin-Solingen-Gartenhochzeit-Neuk\u00f6lln-03.jpg 759w, https:\/\/www.tilmanvogler.com\/wp-content\/uploads\/2017\/12\/Tilman-Vogler-Hochzeitsfotograf-Berlin-Solingen-Gartenhochzeit-Neuk\u00f6lln-03-300x207.jpg 300w, https:\/\/www.tilmanvogler.com\/wp-content\/uploads\/2017\/12\/Tilman-Vogler-Hochzeitsfotograf-Berlin-Solingen-Gartenhochzeit-Neuk\u00f6lln-03-690x476.jpg 690w, https:\/\/www.tilmanvogler.com\/wp-content\/uploads\/2017\/12\/Tilman-Vogler-Hochzeitsfotograf-Berlin-Solingen-Gartenhochzeit-Neuk\u00f6lln-03-720x497.jpg 720w\" sizes=\"(max-width: 759px) 100vw, 759px\" \/><\/p>\n<p><img loading=\"lazy\" decoding=\"async\" class=\"alignnone size-full wp-image-4622\" src=\"https:\/\/www.tilmanvogler.com\/wp-content\/uploads\/2017\/12\/Tilman-Vogler-Hochzeitsfotograf-Berlin-Solingen-Gartenhochzeit-Neuk\u00f6lln-02.jpg\" alt=\"Diskokugel h\u00e4ngt im Garten\" width=\"760\" height=\"562\" srcset=\"https:\/\/www.tilmanvogler.com\/wp-content\/uploads\/2017\/12\/Tilman-Vogler-Hochzeitsfotograf-Berlin-Solingen-Gartenhochzeit-Neuk\u00f6lln-02.jpg 760w, https:\/\/www.tilmanvogler.com\/wp-content\/uploads\/2017\/12\/Tilman-Vogler-Hochzeitsfotograf-Berlin-Solingen-Gartenhochzeit-Neuk\u00f6lln-02-300x222.jpg 300w, https:\/\/www.tilmanvogler.com\/wp-content\/uploads\/2017\/12\/Tilman-Vogler-Hochzeitsfotograf-Berlin-Solingen-Gartenhochzeit-Neuk\u00f6lln-02-690x510.jpg 690w, https:\/\/www.tilmanvogler.com\/wp-content\/uploads\/2017\/12\/Tilman-Vogler-Hochzeitsfotograf-Berlin-Solingen-Gartenhochzeit-Neuk\u00f6lln-02-720x532.jpg 720w\" sizes=\"(max-width: 760px) 100vw, 760px\" \/><\/p>\n<p><img loading=\"lazy\" decoding=\"async\" class=\"alignnone size-full wp-image-4624\" src=\"https:\/\/www.tilmanvogler.com\/wp-content\/uploads\/2017\/12\/Tilman-Vogler-Hochzeitsfotograf-Berlin-Solingen-Gartenhochzeit-Neuk\u00f6lln-04.jpg\" alt=\"S\u00fc\u00dfes Baby liegt auch Couch w\u00e4hrend Hochzeit\" width=\"760\" height=\"507\" srcset=\"https:\/\/www.tilmanvogler.com\/wp-content\/uploads\/2017\/12\/Tilman-Vogler-Hochzeitsfotograf-Berlin-Solingen-Gartenhochzeit-Neuk\u00f6lln-04.jpg 760w, https:\/\/www.tilmanvogler.com\/wp-content\/uploads\/2017\/12\/Tilman-Vogler-Hochzeitsfotograf-Berlin-Solingen-Gartenhochzeit-Neuk\u00f6lln-04-300x200.jpg 300w, https:\/\/www.tilmanvogler.com\/wp-content\/uploads\/2017\/12\/Tilman-Vogler-Hochzeitsfotograf-Berlin-Solingen-Gartenhochzeit-Neuk\u00f6lln-04-690x460.jpg 690w, https:\/\/www.tilmanvogler.com\/wp-content\/uploads\/2017\/12\/Tilman-Vogler-Hochzeitsfotograf-Berlin-Solingen-Gartenhochzeit-Neuk\u00f6lln-04-720x480.jpg 720w\" sizes=\"(max-width: 760px) 100vw, 760px\" \/><\/p>\n<p><img loading=\"lazy\" decoding=\"async\" class=\"alignnone size-full wp-image-4625\" src=\"https:\/\/www.tilmanvogler.com\/wp-content\/uploads\/2017\/12\/Tilman-Vogler-Hochzeitsfotograf-Berlin-Solingen-Gartenhochzeit-Neuk\u00f6lln-05.jpg\" alt=\"Schwarz Wei\u00df Foto Hochzeitg\u00e4ste\" width=\"760\" height=\"507\" srcset=\"https:\/\/www.tilmanvogler.com\/wp-content\/uploads\/2017\/12\/Tilman-Vogler-Hochzeitsfotograf-Berlin-Solingen-Gartenhochzeit-Neuk\u00f6lln-05.jpg 760w, https:\/\/www.tilmanvogler.com\/wp-content\/uploads\/2017\/12\/Tilman-Vogler-Hochzeitsfotograf-Berlin-Solingen-Gartenhochzeit-Neuk\u00f6lln-05-300x200.jpg 300w, https:\/\/www.tilmanvogler.com\/wp-content\/uploads\/2017\/12\/Tilman-Vogler-Hochzeitsfotograf-Berlin-Solingen-Gartenhochzeit-Neuk\u00f6lln-05-690x460.jpg 690w, https:\/\/www.tilmanvogler.com\/wp-content\/uploads\/2017\/12\/Tilman-Vogler-Hochzeitsfotograf-Berlin-Solingen-Gartenhochzeit-Neuk\u00f6lln-05-720x480.jpg 720w\" sizes=\"(max-width: 760px) 100vw, 760px\" \/><\/p>\n<p><img loading=\"lazy\" decoding=\"async\" class=\"alignnone size-full wp-image-4626\" src=\"https:\/\/www.tilmanvogler.com\/wp-content\/uploads\/2017\/12\/Tilman-Vogler-Hochzeitsfotograf-Berlin-Solingen-Gartenhochzeit-Neuk\u00f6lln-06.jpg\" alt=\"Hochzeitsfr\u00fchst\u00fcck Champagne und Croissant\" width=\"759\" height=\"337\" srcset=\"https:\/\/www.tilmanvogler.com\/wp-content\/uploads\/2017\/12\/Tilman-Vogler-Hochzeitsfotograf-Berlin-Solingen-Gartenhochzeit-Neuk\u00f6lln-06.jpg 759w, https:\/\/www.tilmanvogler.com\/wp-content\/uploads\/2017\/12\/Tilman-Vogler-Hochzeitsfotograf-Berlin-Solingen-Gartenhochzeit-Neuk\u00f6lln-06-300x133.jpg 300w, https:\/\/www.tilmanvogler.com\/wp-content\/uploads\/2017\/12\/Tilman-Vogler-Hochzeitsfotograf-Berlin-Solingen-Gartenhochzeit-Neuk\u00f6lln-06-690x306.jpg 690w, https:\/\/www.tilmanvogler.com\/wp-content\/uploads\/2017\/12\/Tilman-Vogler-Hochzeitsfotograf-Berlin-Solingen-Gartenhochzeit-Neuk\u00f6lln-06-720x320.jpg 720w\" sizes=\"(max-width: 759px) 100vw, 759px\" \/><\/p>\n<p><img loading=\"lazy\" decoding=\"async\" class=\"alignnone size-full wp-image-4628\" src=\"https:\/\/www.tilmanvogler.com\/wp-content\/uploads\/2017\/12\/Tilman-Vogler-Hochzeitsfotograf-Berlin-Solingen-Gartenhochzeit-Neuk\u00f6lln-08.jpg\" alt=\"First look Hochzeitspaar\" width=\"759\" height=\"524\" srcset=\"https:\/\/www.tilmanvogler.com\/wp-content\/uploads\/2017\/12\/Tilman-Vogler-Hochzeitsfotograf-Berlin-Solingen-Gartenhochzeit-Neuk\u00f6lln-08.jpg 759w, https:\/\/www.tilmanvogler.com\/wp-content\/uploads\/2017\/12\/Tilman-Vogler-Hochzeitsfotograf-Berlin-Solingen-Gartenhochzeit-Neuk\u00f6lln-08-300x207.jpg 300w, https:\/\/www.tilmanvogler.com\/wp-content\/uploads\/2017\/12\/Tilman-Vogler-Hochzeitsfotograf-Berlin-Solingen-Gartenhochzeit-Neuk\u00f6lln-08-690x476.jpg 690w, https:\/\/www.tilmanvogler.com\/wp-content\/uploads\/2017\/12\/Tilman-Vogler-Hochzeitsfotograf-Berlin-Solingen-Gartenhochzeit-Neuk\u00f6lln-08-720x497.jpg 720w\" sizes=\"(max-width: 759px) 100vw, 759px\" \/><\/p>\n<p><img loading=\"lazy\" decoding=\"async\" class=\"alignnone size-full wp-image-4629\" src=\"https:\/\/www.tilmanvogler.com\/wp-content\/uploads\/2017\/12\/Tilman-Vogler-Hochzeitsfotograf-Berlin-Solingen-Gartenhochzeit-Neuk\u00f6lln-09.jpg\" alt=\"Katze sitzt auf Treppe w\u00e4hrend Hochzeitsvorbereitungen\" width=\"760\" height=\"507\" srcset=\"https:\/\/www.tilmanvogler.com\/wp-content\/uploads\/2017\/12\/Tilman-Vogler-Hochzeitsfotograf-Berlin-Solingen-Gartenhochzeit-Neuk\u00f6lln-09.jpg 760w, https:\/\/www.tilmanvogler.com\/wp-content\/uploads\/2017\/12\/Tilman-Vogler-Hochzeitsfotograf-Berlin-Solingen-Gartenhochzeit-Neuk\u00f6lln-09-300x200.jpg 300w, https:\/\/www.tilmanvogler.com\/wp-content\/uploads\/2017\/12\/Tilman-Vogler-Hochzeitsfotograf-Berlin-Solingen-Gartenhochzeit-Neuk\u00f6lln-09-690x460.jpg 690w, https:\/\/www.tilmanvogler.com\/wp-content\/uploads\/2017\/12\/Tilman-Vogler-Hochzeitsfotograf-Berlin-Solingen-Gartenhochzeit-Neuk\u00f6lln-09-720x480.jpg 720w\" sizes=\"(max-width: 760px) 100vw, 760px\" \/><\/p>\n<p><img loading=\"lazy\" decoding=\"async\" class=\"alignnone size-full wp-image-4630\" src=\"https:\/\/www.tilmanvogler.com\/wp-content\/uploads\/2017\/12\/Tilman-Vogler-Hochzeitsfotograf-Berlin-Solingen-Gartenhochzeit-Neuk\u00f6lln-10.jpg\" alt=\"Beste Freundinnen w\u00e4hrend Getting Ready\" width=\"760\" height=\"562\" srcset=\"https:\/\/www.tilmanvogler.com\/wp-content\/uploads\/2017\/12\/Tilman-Vogler-Hochzeitsfotograf-Berlin-Solingen-Gartenhochzeit-Neuk\u00f6lln-10.jpg 760w, https:\/\/www.tilmanvogler.com\/wp-content\/uploads\/2017\/12\/Tilman-Vogler-Hochzeitsfotograf-Berlin-Solingen-Gartenhochzeit-Neuk\u00f6lln-10-300x222.jpg 300w, https:\/\/www.tilmanvogler.com\/wp-content\/uploads\/2017\/12\/Tilman-Vogler-Hochzeitsfotograf-Berlin-Solingen-Gartenhochzeit-Neuk\u00f6lln-10-690x510.jpg 690w, https:\/\/www.tilmanvogler.com\/wp-content\/uploads\/2017\/12\/Tilman-Vogler-Hochzeitsfotograf-Berlin-Solingen-Gartenhochzeit-Neuk\u00f6lln-10-720x532.jpg 720w\" sizes=\"(max-width: 760px) 100vw, 760px\" \/><\/p>\n<p><img loading=\"lazy\" decoding=\"async\" class=\"alignnone size-full wp-image-4631\" src=\"https:\/\/www.tilmanvogler.com\/wp-content\/uploads\/2017\/12\/Tilman-Vogler-Hochzeitsfotograf-Berlin-Solingen-Gartenhochzeit-Neuk\u00f6lln-11.jpg\" alt=\"H\u00fcbsche Kette f\u00fcr Braut\" width=\"760\" height=\"562\" srcset=\"https:\/\/www.tilmanvogler.com\/wp-content\/uploads\/2017\/12\/Tilman-Vogler-Hochzeitsfotograf-Berlin-Solingen-Gartenhochzeit-Neuk\u00f6lln-11.jpg 760w, https:\/\/www.tilmanvogler.com\/wp-content\/uploads\/2017\/12\/Tilman-Vogler-Hochzeitsfotograf-Berlin-Solingen-Gartenhochzeit-Neuk\u00f6lln-11-300x222.jpg 300w, https:\/\/www.tilmanvogler.com\/wp-content\/uploads\/2017\/12\/Tilman-Vogler-Hochzeitsfotograf-Berlin-Solingen-Gartenhochzeit-Neuk\u00f6lln-11-690x510.jpg 690w, https:\/\/www.tilmanvogler.com\/wp-content\/uploads\/2017\/12\/Tilman-Vogler-Hochzeitsfotograf-Berlin-Solingen-Gartenhochzeit-Neuk\u00f6lln-11-720x532.jpg 720w\" sizes=\"(max-width: 760px) 100vw, 760px\" \/><\/p>\n<p><img loading=\"lazy\" decoding=\"async\" class=\"alignnone size-full wp-image-4632\" src=\"https:\/\/www.tilmanvogler.com\/wp-content\/uploads\/2017\/12\/Tilman-Vogler-Hochzeitsfotograf-Berlin-Solingen-Gartenhochzeit-Neuk\u00f6lln-12.jpg\" alt=\"Braut bekommt Halskette angelegt\" width=\"760\" height=\"562\" srcset=\"https:\/\/www.tilmanvogler.com\/wp-content\/uploads\/2017\/12\/Tilman-Vogler-Hochzeitsfotograf-Berlin-Solingen-Gartenhochzeit-Neuk\u00f6lln-12.jpg 760w, https:\/\/www.tilmanvogler.com\/wp-content\/uploads\/2017\/12\/Tilman-Vogler-Hochzeitsfotograf-Berlin-Solingen-Gartenhochzeit-Neuk\u00f6lln-12-300x222.jpg 300w, https:\/\/www.tilmanvogler.com\/wp-content\/uploads\/2017\/12\/Tilman-Vogler-Hochzeitsfotograf-Berlin-Solingen-Gartenhochzeit-Neuk\u00f6lln-12-690x510.jpg 690w, https:\/\/www.tilmanvogler.com\/wp-content\/uploads\/2017\/12\/Tilman-Vogler-Hochzeitsfotograf-Berlin-Solingen-Gartenhochzeit-Neuk\u00f6lln-12-720x532.jpg 720w\" sizes=\"(max-width: 760px) 100vw, 760px\" \/><\/p>\n<p><img loading=\"lazy\" decoding=\"async\" class=\"alignnone size-full wp-image-4633\" src=\"https:\/\/www.tilmanvogler.com\/wp-content\/uploads\/2017\/12\/Tilman-Vogler-Hochzeitsfotograf-Berlin-Solingen-Gartenhochzeit-Neuk\u00f6lln-13.jpg\" alt=\"Brautvorbereitungen\" width=\"760\" height=\"562\" srcset=\"https:\/\/www.tilmanvogler.com\/wp-content\/uploads\/2017\/12\/Tilman-Vogler-Hochzeitsfotograf-Berlin-Solingen-Gartenhochzeit-Neuk\u00f6lln-13.jpg 760w, https:\/\/www.tilmanvogler.com\/wp-content\/uploads\/2017\/12\/Tilman-Vogler-Hochzeitsfotograf-Berlin-Solingen-Gartenhochzeit-Neuk\u00f6lln-13-300x222.jpg 300w, https:\/\/www.tilmanvogler.com\/wp-content\/uploads\/2017\/12\/Tilman-Vogler-Hochzeitsfotograf-Berlin-Solingen-Gartenhochzeit-Neuk\u00f6lln-13-690x510.jpg 690w, https:\/\/www.tilmanvogler.com\/wp-content\/uploads\/2017\/12\/Tilman-Vogler-Hochzeitsfotograf-Berlin-Solingen-Gartenhochzeit-Neuk\u00f6lln-13-720x532.jpg 720w\" sizes=\"(max-width: 760px) 100vw, 760px\" \/><\/p>\n<p><img loading=\"lazy\" decoding=\"async\" class=\"alignnone size-full wp-image-4634\" src=\"https:\/\/www.tilmanvogler.com\/wp-content\/uploads\/2017\/12\/Tilman-Vogler-Hochzeitsfotograf-Berlin-Solingen-Gartenhochzeit-Neuk\u00f6lln-14.jpg\" alt=\"Braut kommt Treppe herunter\" width=\"759\" height=\"337\" srcset=\"https:\/\/www.tilmanvogler.com\/wp-content\/uploads\/2017\/12\/Tilman-Vogler-Hochzeitsfotograf-Berlin-Solingen-Gartenhochzeit-Neuk\u00f6lln-14.jpg 759w, https:\/\/www.tilmanvogler.com\/wp-content\/uploads\/2017\/12\/Tilman-Vogler-Hochzeitsfotograf-Berlin-Solingen-Gartenhochzeit-Neuk\u00f6lln-14-300x133.jpg 300w, https:\/\/www.tilmanvogler.com\/wp-content\/uploads\/2017\/12\/Tilman-Vogler-Hochzeitsfotograf-Berlin-Solingen-Gartenhochzeit-Neuk\u00f6lln-14-690x306.jpg 690w, https:\/\/www.tilmanvogler.com\/wp-content\/uploads\/2017\/12\/Tilman-Vogler-Hochzeitsfotograf-Berlin-Solingen-Gartenhochzeit-Neuk\u00f6lln-14-720x320.jpg 720w\" sizes=\"(max-width: 759px) 100vw, 759px\" \/><\/p>\n<p><img loading=\"lazy\" decoding=\"async\" class=\"alignnone size-full wp-image-4635\" src=\"https:\/\/www.tilmanvogler.com\/wp-content\/uploads\/2017\/12\/Tilman-Vogler-Hochzeitsfotograf-Berlin-Solingen-Gartenhochzeit-Neuk\u00f6lln-15.jpg\" alt=\"Br\u00e4utigam mit Motorrad\" width=\"759\" height=\"524\" srcset=\"https:\/\/www.tilmanvogler.com\/wp-content\/uploads\/2017\/12\/Tilman-Vogler-Hochzeitsfotograf-Berlin-Solingen-Gartenhochzeit-Neuk\u00f6lln-15.jpg 759w, https:\/\/www.tilmanvogler.com\/wp-content\/uploads\/2017\/12\/Tilman-Vogler-Hochzeitsfotograf-Berlin-Solingen-Gartenhochzeit-Neuk\u00f6lln-15-300x207.jpg 300w, https:\/\/www.tilmanvogler.com\/wp-content\/uploads\/2017\/12\/Tilman-Vogler-Hochzeitsfotograf-Berlin-Solingen-Gartenhochzeit-Neuk\u00f6lln-15-690x476.jpg 690w, https:\/\/www.tilmanvogler.com\/wp-content\/uploads\/2017\/12\/Tilman-Vogler-Hochzeitsfotograf-Berlin-Solingen-Gartenhochzeit-Neuk\u00f6lln-15-720x497.jpg 720w\" sizes=\"(max-width: 759px) 100vw, 759px\" \/><\/p>\n<p><img loading=\"lazy\" decoding=\"async\" class=\"alignnone size-full wp-image-4636\" src=\"https:\/\/www.tilmanvogler.com\/wp-content\/uploads\/2017\/12\/Tilman-Vogler-Hochzeitsfotograf-Berlin-Solingen-Gartenhochzeit-Neuk\u00f6lln-16.jpg\" alt=\"Braut und Br\u00e4utigam k\u00fcssen sich auf Motorrad\" width=\"760\" height=\"507\" srcset=\"https:\/\/www.tilmanvogler.com\/wp-content\/uploads\/2017\/12\/Tilman-Vogler-Hochzeitsfotograf-Berlin-Solingen-Gartenhochzeit-Neuk\u00f6lln-16.jpg 760w, https:\/\/www.tilmanvogler.com\/wp-content\/uploads\/2017\/12\/Tilman-Vogler-Hochzeitsfotograf-Berlin-Solingen-Gartenhochzeit-Neuk\u00f6lln-16-300x200.jpg 300w, https:\/\/www.tilmanvogler.com\/wp-content\/uploads\/2017\/12\/Tilman-Vogler-Hochzeitsfotograf-Berlin-Solingen-Gartenhochzeit-Neuk\u00f6lln-16-690x460.jpg 690w, https:\/\/www.tilmanvogler.com\/wp-content\/uploads\/2017\/12\/Tilman-Vogler-Hochzeitsfotograf-Berlin-Solingen-Gartenhochzeit-Neuk\u00f6lln-16-720x480.jpg 720w\" sizes=\"(max-width: 760px) 100vw, 760px\" \/><\/p>\n<p><img loading=\"lazy\" decoding=\"async\" class=\"alignnone size-full wp-image-4637\" src=\"https:\/\/www.tilmanvogler.com\/wp-content\/uploads\/2017\/12\/Tilman-Vogler-Hochzeitsfotograf-Berlin-Solingen-Gartenhochzeit-Neuk\u00f6lln-17.jpg\" alt=\"Braut l\u00e4uft durch Flur im Rathaus Neuk\u00f6lln\" width=\"760\" height=\"507\" srcset=\"https:\/\/www.tilmanvogler.com\/wp-content\/uploads\/2017\/12\/Tilman-Vogler-Hochzeitsfotograf-Berlin-Solingen-Gartenhochzeit-Neuk\u00f6lln-17.jpg 760w, https:\/\/www.tilmanvogler.com\/wp-content\/uploads\/2017\/12\/Tilman-Vogler-Hochzeitsfotograf-Berlin-Solingen-Gartenhochzeit-Neuk\u00f6lln-17-300x200.jpg 300w, https:\/\/www.tilmanvogler.com\/wp-content\/uploads\/2017\/12\/Tilman-Vogler-Hochzeitsfotograf-Berlin-Solingen-Gartenhochzeit-Neuk\u00f6lln-17-690x460.jpg 690w, https:\/\/www.tilmanvogler.com\/wp-content\/uploads\/2017\/12\/Tilman-Vogler-Hochzeitsfotograf-Berlin-Solingen-Gartenhochzeit-Neuk\u00f6lln-17-720x480.jpg 720w\" sizes=\"(max-width: 760px) 100vw, 760px\" \/><\/p>\n<p><img loading=\"lazy\" decoding=\"async\" class=\"alignnone size-full wp-image-4638\" src=\"https:\/\/www.tilmanvogler.com\/wp-content\/uploads\/2017\/12\/Tilman-Vogler-Hochzeitsfotograf-Berlin-Solingen-Gartenhochzeit-Neuk\u00f6lln-18.jpg\" alt=\"Hochzeitsg\u00e4ste stehen im Hof des Standesamtes Neuk\u00f6lln\" width=\"759\" height=\"524\" srcset=\"https:\/\/www.tilmanvogler.com\/wp-content\/uploads\/2017\/12\/Tilman-Vogler-Hochzeitsfotograf-Berlin-Solingen-Gartenhochzeit-Neuk\u00f6lln-18.jpg 759w, https:\/\/www.tilmanvogler.com\/wp-content\/uploads\/2017\/12\/Tilman-Vogler-Hochzeitsfotograf-Berlin-Solingen-Gartenhochzeit-Neuk\u00f6lln-18-300x207.jpg 300w, https:\/\/www.tilmanvogler.com\/wp-content\/uploads\/2017\/12\/Tilman-Vogler-Hochzeitsfotograf-Berlin-Solingen-Gartenhochzeit-Neuk\u00f6lln-18-690x476.jpg 690w, https:\/\/www.tilmanvogler.com\/wp-content\/uploads\/2017\/12\/Tilman-Vogler-Hochzeitsfotograf-Berlin-Solingen-Gartenhochzeit-Neuk\u00f6lln-18-720x497.jpg 720w\" sizes=\"(max-width: 759px) 100vw, 759px\" \/><\/p>\n<p><img loading=\"lazy\" decoding=\"async\" class=\"alignnone size-full wp-image-4639\" src=\"https:\/\/www.tilmanvogler.com\/wp-content\/uploads\/2017\/12\/Tilman-Vogler-Hochzeitsfotograf-Berlin-Solingen-Gartenhochzeit-Neuk\u00f6lln-19.jpg\" alt=\"Ankunft der Hochzeitsg\u00e4ste im Standesamt\" width=\"759\" height=\"508\" srcset=\"https:\/\/www.tilmanvogler.com\/wp-content\/uploads\/2017\/12\/Tilman-Vogler-Hochzeitsfotograf-Berlin-Solingen-Gartenhochzeit-Neuk\u00f6lln-19.jpg 759w, https:\/\/www.tilmanvogler.com\/wp-content\/uploads\/2017\/12\/Tilman-Vogler-Hochzeitsfotograf-Berlin-Solingen-Gartenhochzeit-Neuk\u00f6lln-19-300x201.jpg 300w, https:\/\/www.tilmanvogler.com\/wp-content\/uploads\/2017\/12\/Tilman-Vogler-Hochzeitsfotograf-Berlin-Solingen-Gartenhochzeit-Neuk\u00f6lln-19-690x462.jpg 690w, https:\/\/www.tilmanvogler.com\/wp-content\/uploads\/2017\/12\/Tilman-Vogler-Hochzeitsfotograf-Berlin-Solingen-Gartenhochzeit-Neuk\u00f6lln-19-720x482.jpg 720w\" sizes=\"(max-width: 759px) 100vw, 759px\" \/><\/p>\n<p><img loading=\"lazy\" decoding=\"async\" class=\"alignnone size-full wp-image-4640\" src=\"https:\/\/www.tilmanvogler.com\/wp-content\/uploads\/2017\/12\/Tilman-Vogler-Hochzeitsfotograf-Berlin-Solingen-Gartenhochzeit-Neuk\u00f6lln-20.jpg\" alt=\"Hochzeitspaar und Trauzeugen im Standesamt\" width=\"760\" height=\"507\" srcset=\"https:\/\/www.tilmanvogler.com\/wp-content\/uploads\/2017\/12\/Tilman-Vogler-Hochzeitsfotograf-Berlin-Solingen-Gartenhochzeit-Neuk\u00f6lln-20.jpg 760w, https:\/\/www.tilmanvogler.com\/wp-content\/uploads\/2017\/12\/Tilman-Vogler-Hochzeitsfotograf-Berlin-Solingen-Gartenhochzeit-Neuk\u00f6lln-20-300x200.jpg 300w, https:\/\/www.tilmanvogler.com\/wp-content\/uploads\/2017\/12\/Tilman-Vogler-Hochzeitsfotograf-Berlin-Solingen-Gartenhochzeit-Neuk\u00f6lln-20-690x460.jpg 690w, https:\/\/www.tilmanvogler.com\/wp-content\/uploads\/2017\/12\/Tilman-Vogler-Hochzeitsfotograf-Berlin-Solingen-Gartenhochzeit-Neuk\u00f6lln-20-720x480.jpg 720w\" sizes=\"(max-width: 760px) 100vw, 760px\" \/><\/p>\n<p><img loading=\"lazy\" decoding=\"async\" class=\"alignnone size-full wp-image-4641\" src=\"https:\/\/www.tilmanvogler.com\/wp-content\/uploads\/2017\/12\/Tilman-Vogler-Hochzeitsfotograf-Berlin-Solingen-Gartenhochzeit-Neuk\u00f6lln-21.jpg\" alt=\"Brauteltern sitzen im Standesamt\" width=\"760\" height=\"506\" srcset=\"https:\/\/www.tilmanvogler.com\/wp-content\/uploads\/2017\/12\/Tilman-Vogler-Hochzeitsfotograf-Berlin-Solingen-Gartenhochzeit-Neuk\u00f6lln-21.jpg 760w, https:\/\/www.tilmanvogler.com\/wp-content\/uploads\/2017\/12\/Tilman-Vogler-Hochzeitsfotograf-Berlin-Solingen-Gartenhochzeit-Neuk\u00f6lln-21-300x200.jpg 300w, https:\/\/www.tilmanvogler.com\/wp-content\/uploads\/2017\/12\/Tilman-Vogler-Hochzeitsfotograf-Berlin-Solingen-Gartenhochzeit-Neuk\u00f6lln-21-690x459.jpg 690w, https:\/\/www.tilmanvogler.com\/wp-content\/uploads\/2017\/12\/Tilman-Vogler-Hochzeitsfotograf-Berlin-Solingen-Gartenhochzeit-Neuk\u00f6lln-21-720x479.jpg 720w\" sizes=\"(max-width: 760px) 100vw, 760px\" \/><\/p>\n<p><img loading=\"lazy\" decoding=\"async\" class=\"alignnone size-full wp-image-4642\" src=\"https:\/\/www.tilmanvogler.com\/wp-content\/uploads\/2017\/12\/Tilman-Vogler-Hochzeitsfotograf-Berlin-Solingen-Gartenhochzeit-Neuk\u00f6lln-22.jpg\" alt=\"Erster Kuss im Standesamt\" width=\"760\" height=\"507\" srcset=\"https:\/\/www.tilmanvogler.com\/wp-content\/uploads\/2017\/12\/Tilman-Vogler-Hochzeitsfotograf-Berlin-Solingen-Gartenhochzeit-Neuk\u00f6lln-22.jpg 760w, https:\/\/www.tilmanvogler.com\/wp-content\/uploads\/2017\/12\/Tilman-Vogler-Hochzeitsfotograf-Berlin-Solingen-Gartenhochzeit-Neuk\u00f6lln-22-300x200.jpg 300w, https:\/\/www.tilmanvogler.com\/wp-content\/uploads\/2017\/12\/Tilman-Vogler-Hochzeitsfotograf-Berlin-Solingen-Gartenhochzeit-Neuk\u00f6lln-22-690x460.jpg 690w, https:\/\/www.tilmanvogler.com\/wp-content\/uploads\/2017\/12\/Tilman-Vogler-Hochzeitsfotograf-Berlin-Solingen-Gartenhochzeit-Neuk\u00f6lln-22-720x480.jpg 720w\" sizes=\"(max-width: 760px) 100vw, 760px\" \/><\/p>\n<p><img loading=\"lazy\" decoding=\"async\" class=\"alignnone size-full wp-image-4643\" src=\"https:\/\/www.tilmanvogler.com\/wp-content\/uploads\/2017\/12\/Tilman-Vogler-Hochzeitsfotograf-Berlin-Solingen-Gartenhochzeit-Neuk\u00f6lln-23.jpg\" alt=\"Junges Hochzeitspaar k\u00fcsst sich\" width=\"760\" height=\"506\" srcset=\"https:\/\/www.tilmanvogler.com\/wp-content\/uploads\/2017\/12\/Tilman-Vogler-Hochzeitsfotograf-Berlin-Solingen-Gartenhochzeit-Neuk\u00f6lln-23.jpg 760w, https:\/\/www.tilmanvogler.com\/wp-content\/uploads\/2017\/12\/Tilman-Vogler-Hochzeitsfotograf-Berlin-Solingen-Gartenhochzeit-Neuk\u00f6lln-23-300x200.jpg 300w, https:\/\/www.tilmanvogler.com\/wp-content\/uploads\/2017\/12\/Tilman-Vogler-Hochzeitsfotograf-Berlin-Solingen-Gartenhochzeit-Neuk\u00f6lln-23-690x459.jpg 690w, https:\/\/www.tilmanvogler.com\/wp-content\/uploads\/2017\/12\/Tilman-Vogler-Hochzeitsfotograf-Berlin-Solingen-Gartenhochzeit-Neuk\u00f6lln-23-720x479.jpg 720w\" sizes=\"(max-width: 760px) 100vw, 760px\" \/><\/p>\n<p><img loading=\"lazy\" decoding=\"async\" class=\"alignnone size-full wp-image-4669\" src=\"https:\/\/www.tilmanvogler.com\/wp-content\/uploads\/2017\/12\/Tilman-Vogler-Hochzeitsfotograf-Berlin-Solingen-Gartenhochzeit-Neuk\u00f6lln-24.jpg\" alt=\"Collage applaudierende Hochzeitsg\u00e4ste\" width=\"759\" height=\"508\" srcset=\"https:\/\/www.tilmanvogler.com\/wp-content\/uploads\/2017\/12\/Tilman-Vogler-Hochzeitsfotograf-Berlin-Solingen-Gartenhochzeit-Neuk\u00f6lln-24.jpg 759w, https:\/\/www.tilmanvogler.com\/wp-content\/uploads\/2017\/12\/Tilman-Vogler-Hochzeitsfotograf-Berlin-Solingen-Gartenhochzeit-Neuk\u00f6lln-24-300x201.jpg 300w, https:\/\/www.tilmanvogler.com\/wp-content\/uploads\/2017\/12\/Tilman-Vogler-Hochzeitsfotograf-Berlin-Solingen-Gartenhochzeit-Neuk\u00f6lln-24-690x462.jpg 690w, https:\/\/www.tilmanvogler.com\/wp-content\/uploads\/2017\/12\/Tilman-Vogler-Hochzeitsfotograf-Berlin-Solingen-Gartenhochzeit-Neuk\u00f6lln-24-720x482.jpg 720w\" sizes=\"(max-width: 759px) 100vw, 759px\" \/><\/p>\n<p><img loading=\"lazy\" decoding=\"async\" class=\"alignnone size-full wp-image-4644\" src=\"https:\/\/www.tilmanvogler.com\/wp-content\/uploads\/2017\/12\/Tilman-Vogler-Hochzeitsfotograf-Berlin-Solingen-Gartenhochzeit-Neuk\u00f6lln-25.jpg\" alt=\"Gl\u00fcckw\u00fcnsche im Standesamt\" width=\"760\" height=\"507\" srcset=\"https:\/\/www.tilmanvogler.com\/wp-content\/uploads\/2017\/12\/Tilman-Vogler-Hochzeitsfotograf-Berlin-Solingen-Gartenhochzeit-Neuk\u00f6lln-25.jpg 760w, https:\/\/www.tilmanvogler.com\/wp-content\/uploads\/2017\/12\/Tilman-Vogler-Hochzeitsfotograf-Berlin-Solingen-Gartenhochzeit-Neuk\u00f6lln-25-300x200.jpg 300w, https:\/\/www.tilmanvogler.com\/wp-content\/uploads\/2017\/12\/Tilman-Vogler-Hochzeitsfotograf-Berlin-Solingen-Gartenhochzeit-Neuk\u00f6lln-25-690x460.jpg 690w, https:\/\/www.tilmanvogler.com\/wp-content\/uploads\/2017\/12\/Tilman-Vogler-Hochzeitsfotograf-Berlin-Solingen-Gartenhochzeit-Neuk\u00f6lln-25-720x480.jpg 720w\" sizes=\"(max-width: 760px) 100vw, 760px\" \/><\/p>\n<p><img loading=\"lazy\" decoding=\"async\" class=\"alignnone size-full wp-image-4645\" src=\"https:\/\/www.tilmanvogler.com\/wp-content\/uploads\/2017\/12\/Tilman-Vogler-Hochzeitsfotograf-Berlin-Solingen-Gartenhochzeit-Neuk\u00f6lln-26.jpg\" alt=\"Hochzeitsg\u00e4ste feiern im Standesamt\" width=\"760\" height=\"507\" srcset=\"https:\/\/www.tilmanvogler.com\/wp-content\/uploads\/2017\/12\/Tilman-Vogler-Hochzeitsfotograf-Berlin-Solingen-Gartenhochzeit-Neuk\u00f6lln-26.jpg 760w, https:\/\/www.tilmanvogler.com\/wp-content\/uploads\/2017\/12\/Tilman-Vogler-Hochzeitsfotograf-Berlin-Solingen-Gartenhochzeit-Neuk\u00f6lln-26-300x200.jpg 300w, https:\/\/www.tilmanvogler.com\/wp-content\/uploads\/2017\/12\/Tilman-Vogler-Hochzeitsfotograf-Berlin-Solingen-Gartenhochzeit-Neuk\u00f6lln-26-690x460.jpg 690w, https:\/\/www.tilmanvogler.com\/wp-content\/uploads\/2017\/12\/Tilman-Vogler-Hochzeitsfotograf-Berlin-Solingen-Gartenhochzeit-Neuk\u00f6lln-26-720x480.jpg 720w\" sizes=\"(max-width: 760px) 100vw, 760px\" \/><\/p>\n<p><img loading=\"lazy\" decoding=\"async\" class=\"alignnone size-full wp-image-4646\" src=\"https:\/\/www.tilmanvogler.com\/wp-content\/uploads\/2017\/12\/Tilman-Vogler-Hochzeitsfotograf-Berlin-Solingen-Gartenhochzeit-Neuk\u00f6lln-27.jpg\" alt=\"Hochzeitspaar kommt aus Standesamt\" width=\"760\" height=\"562\" srcset=\"https:\/\/www.tilmanvogler.com\/wp-content\/uploads\/2017\/12\/Tilman-Vogler-Hochzeitsfotograf-Berlin-Solingen-Gartenhochzeit-Neuk\u00f6lln-27.jpg 760w, https:\/\/www.tilmanvogler.com\/wp-content\/uploads\/2017\/12\/Tilman-Vogler-Hochzeitsfotograf-Berlin-Solingen-Gartenhochzeit-Neuk\u00f6lln-27-300x222.jpg 300w, https:\/\/www.tilmanvogler.com\/wp-content\/uploads\/2017\/12\/Tilman-Vogler-Hochzeitsfotograf-Berlin-Solingen-Gartenhochzeit-Neuk\u00f6lln-27-690x510.jpg 690w, https:\/\/www.tilmanvogler.com\/wp-content\/uploads\/2017\/12\/Tilman-Vogler-Hochzeitsfotograf-Berlin-Solingen-Gartenhochzeit-Neuk\u00f6lln-27-720x532.jpg 720w\" sizes=\"(max-width: 760px) 100vw, 760px\" \/><\/p>\n<p><img loading=\"lazy\" decoding=\"async\" class=\"alignnone size-full wp-image-4647\" src=\"https:\/\/www.tilmanvogler.com\/wp-content\/uploads\/2017\/12\/Tilman-Vogler-Hochzeitsfotograf-Berlin-Solingen-Gartenhochzeit-Neuk\u00f6lln-28.jpg\" alt=\"Champagne wird eingegossen\" width=\"759\" height=\"337\" srcset=\"https:\/\/www.tilmanvogler.com\/wp-content\/uploads\/2017\/12\/Tilman-Vogler-Hochzeitsfotograf-Berlin-Solingen-Gartenhochzeit-Neuk\u00f6lln-28.jpg 759w, https:\/\/www.tilmanvogler.com\/wp-content\/uploads\/2017\/12\/Tilman-Vogler-Hochzeitsfotograf-Berlin-Solingen-Gartenhochzeit-Neuk\u00f6lln-28-300x133.jpg 300w, https:\/\/www.tilmanvogler.com\/wp-content\/uploads\/2017\/12\/Tilman-Vogler-Hochzeitsfotograf-Berlin-Solingen-Gartenhochzeit-Neuk\u00f6lln-28-690x306.jpg 690w, https:\/\/www.tilmanvogler.com\/wp-content\/uploads\/2017\/12\/Tilman-Vogler-Hochzeitsfotograf-Berlin-Solingen-Gartenhochzeit-Neuk\u00f6lln-28-720x320.jpg 720w\" sizes=\"(max-width: 759px) 100vw, 759px\" \/><\/p>\n<p><img loading=\"lazy\" decoding=\"async\" class=\"alignnone size-full wp-image-4648\" src=\"https:\/\/www.tilmanvogler.com\/wp-content\/uploads\/2017\/12\/Tilman-Vogler-Hochzeitsfotograf-Berlin-Solingen-Gartenhochzeit-Neuk\u00f6lln-29.jpg\" alt=\"Impressionen von Hochzeitsempfang\" width=\"759\" height=\"337\" srcset=\"https:\/\/www.tilmanvogler.com\/wp-content\/uploads\/2017\/12\/Tilman-Vogler-Hochzeitsfotograf-Berlin-Solingen-Gartenhochzeit-Neuk\u00f6lln-29.jpg 759w, https:\/\/www.tilmanvogler.com\/wp-content\/uploads\/2017\/12\/Tilman-Vogler-Hochzeitsfotograf-Berlin-Solingen-Gartenhochzeit-Neuk\u00f6lln-29-300x133.jpg 300w, https:\/\/www.tilmanvogler.com\/wp-content\/uploads\/2017\/12\/Tilman-Vogler-Hochzeitsfotograf-Berlin-Solingen-Gartenhochzeit-Neuk\u00f6lln-29-690x306.jpg 690w, https:\/\/www.tilmanvogler.com\/wp-content\/uploads\/2017\/12\/Tilman-Vogler-Hochzeitsfotograf-Berlin-Solingen-Gartenhochzeit-Neuk\u00f6lln-29-720x320.jpg 720w\" sizes=\"(max-width: 759px) 100vw, 759px\" \/><\/p>\n<p><img loading=\"lazy\" decoding=\"async\" class=\"alignnone size-full wp-image-4649\" src=\"https:\/\/www.tilmanvogler.com\/wp-content\/uploads\/2017\/12\/Tilman-Vogler-Hochzeitsfotograf-Berlin-Solingen-Gartenhochzeit-Neuk\u00f6lln-30.jpg\" alt=\"Gruppenfoto mit Hochzeitspaar im Vordergrund\" width=\"760\" height=\"562\" srcset=\"https:\/\/www.tilmanvogler.com\/wp-content\/uploads\/2017\/12\/Tilman-Vogler-Hochzeitsfotograf-Berlin-Solingen-Gartenhochzeit-Neuk\u00f6lln-30.jpg 760w, https:\/\/www.tilmanvogler.com\/wp-content\/uploads\/2017\/12\/Tilman-Vogler-Hochzeitsfotograf-Berlin-Solingen-Gartenhochzeit-Neuk\u00f6lln-30-300x222.jpg 300w, https:\/\/www.tilmanvogler.com\/wp-content\/uploads\/2017\/12\/Tilman-Vogler-Hochzeitsfotograf-Berlin-Solingen-Gartenhochzeit-Neuk\u00f6lln-30-690x510.jpg 690w, https:\/\/www.tilmanvogler.com\/wp-content\/uploads\/2017\/12\/Tilman-Vogler-Hochzeitsfotograf-Berlin-Solingen-Gartenhochzeit-Neuk\u00f6lln-30-720x532.jpg 720w\" sizes=\"(max-width: 760px) 100vw, 760px\" \/><\/p>\n<p><img loading=\"lazy\" decoding=\"async\" class=\"alignnone size-full wp-image-4650\" src=\"https:\/\/www.tilmanvogler.com\/wp-content\/uploads\/2017\/12\/Tilman-Vogler-Hochzeitsfotograf-Berlin-Solingen-Gartenhochzeit-Neuk\u00f6lln-31.jpg\" alt=\"Br\u00e4utigam zieht sich Motorradhandschuhe an\" width=\"759\" height=\"337\" srcset=\"https:\/\/www.tilmanvogler.com\/wp-content\/uploads\/2017\/12\/Tilman-Vogler-Hochzeitsfotograf-Berlin-Solingen-Gartenhochzeit-Neuk\u00f6lln-31.jpg 759w, https:\/\/www.tilmanvogler.com\/wp-content\/uploads\/2017\/12\/Tilman-Vogler-Hochzeitsfotograf-Berlin-Solingen-Gartenhochzeit-Neuk\u00f6lln-31-300x133.jpg 300w, https:\/\/www.tilmanvogler.com\/wp-content\/uploads\/2017\/12\/Tilman-Vogler-Hochzeitsfotograf-Berlin-Solingen-Gartenhochzeit-Neuk\u00f6lln-31-690x306.jpg 690w, https:\/\/www.tilmanvogler.com\/wp-content\/uploads\/2017\/12\/Tilman-Vogler-Hochzeitsfotograf-Berlin-Solingen-Gartenhochzeit-Neuk\u00f6lln-31-720x320.jpg 720w\" sizes=\"(max-width: 759px) 100vw, 759px\" \/><\/p>\n<p><img loading=\"lazy\" decoding=\"async\" class=\"alignnone size-full wp-image-4651\" src=\"https:\/\/www.tilmanvogler.com\/wp-content\/uploads\/2017\/12\/Tilman-Vogler-Hochzeitsfotograf-Berlin-Solingen-Gartenhochzeit-Neuk\u00f6lln-32.jpg\" alt=\"Spiegelung von Hochzeitspaar\" width=\"760\" height=\"506\" srcset=\"https:\/\/www.tilmanvogler.com\/wp-content\/uploads\/2017\/12\/Tilman-Vogler-Hochzeitsfotograf-Berlin-Solingen-Gartenhochzeit-Neuk\u00f6lln-32.jpg 760w, https:\/\/www.tilmanvogler.com\/wp-content\/uploads\/2017\/12\/Tilman-Vogler-Hochzeitsfotograf-Berlin-Solingen-Gartenhochzeit-Neuk\u00f6lln-32-300x200.jpg 300w, https:\/\/www.tilmanvogler.com\/wp-content\/uploads\/2017\/12\/Tilman-Vogler-Hochzeitsfotograf-Berlin-Solingen-Gartenhochzeit-Neuk\u00f6lln-32-690x459.jpg 690w, https:\/\/www.tilmanvogler.com\/wp-content\/uploads\/2017\/12\/Tilman-Vogler-Hochzeitsfotograf-Berlin-Solingen-Gartenhochzeit-Neuk\u00f6lln-32-720x479.jpg 720w\" sizes=\"(max-width: 760px) 100vw, 760px\" \/><\/p>\n<p><img loading=\"lazy\" decoding=\"async\" class=\"alignnone size-full wp-image-4652\" src=\"https:\/\/www.tilmanvogler.com\/wp-content\/uploads\/2017\/12\/Tilman-Vogler-Hochzeitsfotograf-Berlin-Solingen-Gartenhochzeit-Neuk\u00f6lln-33.jpg\" alt=\"Wilde Motorradfahrt von Hochzeitspaar\" width=\"760\" height=\"507\" srcset=\"https:\/\/www.tilmanvogler.com\/wp-content\/uploads\/2017\/12\/Tilman-Vogler-Hochzeitsfotograf-Berlin-Solingen-Gartenhochzeit-Neuk\u00f6lln-33.jpg 760w, https:\/\/www.tilmanvogler.com\/wp-content\/uploads\/2017\/12\/Tilman-Vogler-Hochzeitsfotograf-Berlin-Solingen-Gartenhochzeit-Neuk\u00f6lln-33-300x200.jpg 300w, https:\/\/www.tilmanvogler.com\/wp-content\/uploads\/2017\/12\/Tilman-Vogler-Hochzeitsfotograf-Berlin-Solingen-Gartenhochzeit-Neuk\u00f6lln-33-690x460.jpg 690w, https:\/\/www.tilmanvogler.com\/wp-content\/uploads\/2017\/12\/Tilman-Vogler-Hochzeitsfotograf-Berlin-Solingen-Gartenhochzeit-Neuk\u00f6lln-33-720x480.jpg 720w\" sizes=\"(max-width: 760px) 100vw, 760px\" \/><\/p>\n<p><img loading=\"lazy\" decoding=\"async\" class=\"alignnone size-full wp-image-4653\" src=\"https:\/\/www.tilmanvogler.com\/wp-content\/uploads\/2017\/12\/Tilman-Vogler-Hochzeitsfotograf-Berlin-Solingen-Gartenhochzeit-Neuk\u00f6lln-34.jpg\" alt=\"Edel gedeckte Tische im Garten mit Weintrauben\" width=\"760\" height=\"562\" srcset=\"https:\/\/www.tilmanvogler.com\/wp-content\/uploads\/2017\/12\/Tilman-Vogler-Hochzeitsfotograf-Berlin-Solingen-Gartenhochzeit-Neuk\u00f6lln-34.jpg 760w, https:\/\/www.tilmanvogler.com\/wp-content\/uploads\/2017\/12\/Tilman-Vogler-Hochzeitsfotograf-Berlin-Solingen-Gartenhochzeit-Neuk\u00f6lln-34-300x222.jpg 300w, https:\/\/www.tilmanvogler.com\/wp-content\/uploads\/2017\/12\/Tilman-Vogler-Hochzeitsfotograf-Berlin-Solingen-Gartenhochzeit-Neuk\u00f6lln-34-690x510.jpg 690w, https:\/\/www.tilmanvogler.com\/wp-content\/uploads\/2017\/12\/Tilman-Vogler-Hochzeitsfotograf-Berlin-Solingen-Gartenhochzeit-Neuk\u00f6lln-34-720x532.jpg 720w\" sizes=\"(max-width: 760px) 100vw, 760px\" \/><\/p>\n<p><img loading=\"lazy\" decoding=\"async\" class=\"alignnone size-full wp-image-4654\" src=\"https:\/\/www.tilmanvogler.com\/wp-content\/uploads\/2017\/12\/Tilman-Vogler-Hochzeitsfotograf-Berlin-Solingen-Gartenhochzeit-Neuk\u00f6lln-36.jpg\" alt=\"Begr\u00fc\u00dfung der Hochzeitsg\u00e4ste\" width=\"760\" height=\"506\" srcset=\"https:\/\/www.tilmanvogler.com\/wp-content\/uploads\/2017\/12\/Tilman-Vogler-Hochzeitsfotograf-Berlin-Solingen-Gartenhochzeit-Neuk\u00f6lln-36.jpg 760w, https:\/\/www.tilmanvogler.com\/wp-content\/uploads\/2017\/12\/Tilman-Vogler-Hochzeitsfotograf-Berlin-Solingen-Gartenhochzeit-Neuk\u00f6lln-36-300x200.jpg 300w, https:\/\/www.tilmanvogler.com\/wp-content\/uploads\/2017\/12\/Tilman-Vogler-Hochzeitsfotograf-Berlin-Solingen-Gartenhochzeit-Neuk\u00f6lln-36-690x459.jpg 690w, https:\/\/www.tilmanvogler.com\/wp-content\/uploads\/2017\/12\/Tilman-Vogler-Hochzeitsfotograf-Berlin-Solingen-Gartenhochzeit-Neuk\u00f6lln-36-720x479.jpg 720w\" sizes=\"(max-width: 760px) 100vw, 760px\" \/><\/p>\n<p><img loading=\"lazy\" decoding=\"async\" class=\"alignnone size-full wp-image-4655\" src=\"https:\/\/www.tilmanvogler.com\/wp-content\/uploads\/2017\/12\/Tilman-Vogler-Hochzeitsfotograf-Berlin-Solingen-Gartenhochzeit-Neuk\u00f6lln-37.jpg\" alt=\"Freunde sitzen w\u00e4hrend Hochzeit am Pool\" width=\"760\" height=\"562\" srcset=\"https:\/\/www.tilmanvogler.com\/wp-content\/uploads\/2017\/12\/Tilman-Vogler-Hochzeitsfotograf-Berlin-Solingen-Gartenhochzeit-Neuk\u00f6lln-37.jpg 760w, https:\/\/www.tilmanvogler.com\/wp-content\/uploads\/2017\/12\/Tilman-Vogler-Hochzeitsfotograf-Berlin-Solingen-Gartenhochzeit-Neuk\u00f6lln-37-300x222.jpg 300w, https:\/\/www.tilmanvogler.com\/wp-content\/uploads\/2017\/12\/Tilman-Vogler-Hochzeitsfotograf-Berlin-Solingen-Gartenhochzeit-Neuk\u00f6lln-37-690x510.jpg 690w, https:\/\/www.tilmanvogler.com\/wp-content\/uploads\/2017\/12\/Tilman-Vogler-Hochzeitsfotograf-Berlin-Solingen-Gartenhochzeit-Neuk\u00f6lln-37-720x532.jpg 720w\" sizes=\"(max-width: 760px) 100vw, 760px\" \/><\/p>\n<p><img loading=\"lazy\" decoding=\"async\" class=\"alignnone size-full wp-image-4656\" src=\"https:\/\/www.tilmanvogler.com\/wp-content\/uploads\/2017\/12\/Tilman-Vogler-Hochzeitsfotograf-Berlin-Solingen-Gartenhochzeit-Neuk\u00f6lln-38.jpg\" alt=\"Hochzeitsg\u00e4ste sitzen im Garten\" width=\"760\" height=\"506\" srcset=\"https:\/\/www.tilmanvogler.com\/wp-content\/uploads\/2017\/12\/Tilman-Vogler-Hochzeitsfotograf-Berlin-Solingen-Gartenhochzeit-Neuk\u00f6lln-38.jpg 760w, https:\/\/www.tilmanvogler.com\/wp-content\/uploads\/2017\/12\/Tilman-Vogler-Hochzeitsfotograf-Berlin-Solingen-Gartenhochzeit-Neuk\u00f6lln-38-300x200.jpg 300w, https:\/\/www.tilmanvogler.com\/wp-content\/uploads\/2017\/12\/Tilman-Vogler-Hochzeitsfotograf-Berlin-Solingen-Gartenhochzeit-Neuk\u00f6lln-38-690x459.jpg 690w, https:\/\/www.tilmanvogler.com\/wp-content\/uploads\/2017\/12\/Tilman-Vogler-Hochzeitsfotograf-Berlin-Solingen-Gartenhochzeit-Neuk\u00f6lln-38-720x479.jpg 720w\" sizes=\"(max-width: 760px) 100vw, 760px\" \/><\/p>\n<p><img loading=\"lazy\" decoding=\"async\" class=\"alignnone size-full wp-image-4657\" src=\"https:\/\/www.tilmanvogler.com\/wp-content\/uploads\/2017\/12\/Tilman-Vogler-Hochzeitsfotograf-Berlin-Solingen-Gartenhochzeit-Neuk\u00f6lln-39.jpg\" alt=\"Hochzeitsgast sitzt am Pool\" width=\"760\" height=\"506\" srcset=\"https:\/\/www.tilmanvogler.com\/wp-content\/uploads\/2017\/12\/Tilman-Vogler-Hochzeitsfotograf-Berlin-Solingen-Gartenhochzeit-Neuk\u00f6lln-39.jpg 760w, https:\/\/www.tilmanvogler.com\/wp-content\/uploads\/2017\/12\/Tilman-Vogler-Hochzeitsfotograf-Berlin-Solingen-Gartenhochzeit-Neuk\u00f6lln-39-300x200.jpg 300w, https:\/\/www.tilmanvogler.com\/wp-content\/uploads\/2017\/12\/Tilman-Vogler-Hochzeitsfotograf-Berlin-Solingen-Gartenhochzeit-Neuk\u00f6lln-39-690x459.jpg 690w, https:\/\/www.tilmanvogler.com\/wp-content\/uploads\/2017\/12\/Tilman-Vogler-Hochzeitsfotograf-Berlin-Solingen-Gartenhochzeit-Neuk\u00f6lln-39-720x479.jpg 720w\" sizes=\"(max-width: 760px) 100vw, 760px\" \/><\/p>\n<p><img loading=\"lazy\" decoding=\"async\" class=\"alignnone size-full wp-image-4658\" src=\"https:\/\/www.tilmanvogler.com\/wp-content\/uploads\/2017\/12\/Tilman-Vogler-Hochzeitsfotograf-Berlin-Solingen-Gartenhochzeit-Neuk\u00f6lln-40.jpg\" alt=\"Omas auf Hochzeit\" width=\"760\" height=\"507\" srcset=\"https:\/\/www.tilmanvogler.com\/wp-content\/uploads\/2017\/12\/Tilman-Vogler-Hochzeitsfotograf-Berlin-Solingen-Gartenhochzeit-Neuk\u00f6lln-40.jpg 760w, https:\/\/www.tilmanvogler.com\/wp-content\/uploads\/2017\/12\/Tilman-Vogler-Hochzeitsfotograf-Berlin-Solingen-Gartenhochzeit-Neuk\u00f6lln-40-300x200.jpg 300w, https:\/\/www.tilmanvogler.com\/wp-content\/uploads\/2017\/12\/Tilman-Vogler-Hochzeitsfotograf-Berlin-Solingen-Gartenhochzeit-Neuk\u00f6lln-40-690x460.jpg 690w, https:\/\/www.tilmanvogler.com\/wp-content\/uploads\/2017\/12\/Tilman-Vogler-Hochzeitsfotograf-Berlin-Solingen-Gartenhochzeit-Neuk\u00f6lln-40-720x480.jpg 720w\" sizes=\"(max-width: 760px) 100vw, 760px\" \/><\/p>\n<p><img loading=\"lazy\" decoding=\"async\" class=\"alignnone size-full wp-image-4659\" src=\"https:\/\/www.tilmanvogler.com\/wp-content\/uploads\/2017\/12\/Tilman-Vogler-Hochzeitsfotograf-Berlin-Solingen-Gartenhochzeit-Neuk\u00f6lln-41.jpg\" alt=\"Hochzeitsg\u00e4ste lassen Ballons steigen\" width=\"760\" height=\"507\" srcset=\"https:\/\/www.tilmanvogler.com\/wp-content\/uploads\/2017\/12\/Tilman-Vogler-Hochzeitsfotograf-Berlin-Solingen-Gartenhochzeit-Neuk\u00f6lln-41.jpg 760w, https:\/\/www.tilmanvogler.com\/wp-content\/uploads\/2017\/12\/Tilman-Vogler-Hochzeitsfotograf-Berlin-Solingen-Gartenhochzeit-Neuk\u00f6lln-41-300x200.jpg 300w, https:\/\/www.tilmanvogler.com\/wp-content\/uploads\/2017\/12\/Tilman-Vogler-Hochzeitsfotograf-Berlin-Solingen-Gartenhochzeit-Neuk\u00f6lln-41-690x460.jpg 690w, https:\/\/www.tilmanvogler.com\/wp-content\/uploads\/2017\/12\/Tilman-Vogler-Hochzeitsfotograf-Berlin-Solingen-Gartenhochzeit-Neuk\u00f6lln-41-720x480.jpg 720w\" sizes=\"(max-width: 760px) 100vw, 760px\" \/><\/p>\n<p><a href=\"https:\/\/www.tilmanvogler.com\/wp-content\/uploads\/2017\/12\/Tilman-Vogler-Hochzeitsfotograf-Berlin-Solingen-Gartenhochzeit-Neuk\u00f6lln-43.jpg\"><img loading=\"lazy\" decoding=\"async\" class=\"alignnone size-full wp-image-4619\" src=\"https:\/\/www.tilmanvogler.com\/wp-content\/uploads\/2017\/12\/Tilman-Vogler-Hochzeitsfotograf-Berlin-Solingen-Gartenhochzeit-Neuk\u00f6lln-43.jpg\" alt=\"Inspiration Gartenhochzeit Sonnensegel\" width=\"760\" height=\"507\" srcset=\"https:\/\/www.tilmanvogler.com\/wp-content\/uploads\/2017\/12\/Tilman-Vogler-Hochzeitsfotograf-Berlin-Solingen-Gartenhochzeit-Neuk\u00f6lln-43.jpg 760w, https:\/\/www.tilmanvogler.com\/wp-content\/uploads\/2017\/12\/Tilman-Vogler-Hochzeitsfotograf-Berlin-Solingen-Gartenhochzeit-Neuk\u00f6lln-43-300x200.jpg 300w, https:\/\/www.tilmanvogler.com\/wp-content\/uploads\/2017\/12\/Tilman-Vogler-Hochzeitsfotograf-Berlin-Solingen-Gartenhochzeit-Neuk\u00f6lln-43-690x460.jpg 690w, https:\/\/www.tilmanvogler.com\/wp-content\/uploads\/2017\/12\/Tilman-Vogler-Hochzeitsfotograf-Berlin-Solingen-Gartenhochzeit-Neuk\u00f6lln-43-720x480.jpg 720w\" sizes=\"(max-width: 760px) 100vw, 760px\" \/><\/a><\/p>\n<p><img loading=\"lazy\" decoding=\"async\" class=\"alignnone size-full wp-image-4660\" src=\"https:\/\/www.tilmanvogler.com\/wp-content\/uploads\/2017\/12\/Tilman-Vogler-Hochzeitsfotograf-Berlin-Solingen-Gartenhochzeit-Neuk\u00f6lln-42.jpg\" alt=\"Braut gie\u00dft Wein ein\" width=\"759\" height=\"337\" srcset=\"https:\/\/www.tilmanvogler.com\/wp-content\/uploads\/2017\/12\/Tilman-Vogler-Hochzeitsfotograf-Berlin-Solingen-Gartenhochzeit-Neuk\u00f6lln-42.jpg 759w, https:\/\/www.tilmanvogler.com\/wp-content\/uploads\/2017\/12\/Tilman-Vogler-Hochzeitsfotograf-Berlin-Solingen-Gartenhochzeit-Neuk\u00f6lln-42-300x133.jpg 300w, https:\/\/www.tilmanvogler.com\/wp-content\/uploads\/2017\/12\/Tilman-Vogler-Hochzeitsfotograf-Berlin-Solingen-Gartenhochzeit-Neuk\u00f6lln-42-690x306.jpg 690w, https:\/\/www.tilmanvogler.com\/wp-content\/uploads\/2017\/12\/Tilman-Vogler-Hochzeitsfotograf-Berlin-Solingen-Gartenhochzeit-Neuk\u00f6lln-42-720x320.jpg 720w\" sizes=\"(max-width: 759px) 100vw, 759px\" \/><\/p>\n<p><img loading=\"lazy\" decoding=\"async\" class=\"alignnone size-full wp-image-4662\" src=\"https:\/\/www.tilmanvogler.com\/wp-content\/uploads\/2017\/12\/Tilman-Vogler-Hochzeitsfotograf-Berlin-Solingen-Gartenhochzeit-Neuk\u00f6lln-44.jpg\" alt=\"Braut und Freundin verteilen Gastgeschenke\" width=\"759\" height=\"524\" srcset=\"https:\/\/www.tilmanvogler.com\/wp-content\/uploads\/2017\/12\/Tilman-Vogler-Hochzeitsfotograf-Berlin-Solingen-Gartenhochzeit-Neuk\u00f6lln-44.jpg 759w, https:\/\/www.tilmanvogler.com\/wp-content\/uploads\/2017\/12\/Tilman-Vogler-Hochzeitsfotograf-Berlin-Solingen-Gartenhochzeit-Neuk\u00f6lln-44-300x207.jpg 300w, https:\/\/www.tilmanvogler.com\/wp-content\/uploads\/2017\/12\/Tilman-Vogler-Hochzeitsfotograf-Berlin-Solingen-Gartenhochzeit-Neuk\u00f6lln-44-690x476.jpg 690w, https:\/\/www.tilmanvogler.com\/wp-content\/uploads\/2017\/12\/Tilman-Vogler-Hochzeitsfotograf-Berlin-Solingen-Gartenhochzeit-Neuk\u00f6lln-44-720x497.jpg 720w\" sizes=\"(max-width: 759px) 100vw, 759px\" \/><\/p>\n<p><img loading=\"lazy\" decoding=\"async\" class=\"alignnone size-full wp-image-4663\" src=\"https:\/\/www.tilmanvogler.com\/wp-content\/uploads\/2017\/12\/Tilman-Vogler-Hochzeitsfotograf-Berlin-Solingen-Gartenhochzeit-Neuk\u00f6lln-45.jpg\" alt=\"Braut und Br\u00e4utigam gehen Hand in Hand\" width=\"760\" height=\"562\" srcset=\"https:\/\/www.tilmanvogler.com\/wp-content\/uploads\/2017\/12\/Tilman-Vogler-Hochzeitsfotograf-Berlin-Solingen-Gartenhochzeit-Neuk\u00f6lln-45.jpg 760w, https:\/\/www.tilmanvogler.com\/wp-content\/uploads\/2017\/12\/Tilman-Vogler-Hochzeitsfotograf-Berlin-Solingen-Gartenhochzeit-Neuk\u00f6lln-45-300x222.jpg 300w, https:\/\/www.tilmanvogler.com\/wp-content\/uploads\/2017\/12\/Tilman-Vogler-Hochzeitsfotograf-Berlin-Solingen-Gartenhochzeit-Neuk\u00f6lln-45-690x510.jpg 690w, https:\/\/www.tilmanvogler.com\/wp-content\/uploads\/2017\/12\/Tilman-Vogler-Hochzeitsfotograf-Berlin-Solingen-Gartenhochzeit-Neuk\u00f6lln-45-720x532.jpg 720w\" sizes=\"(max-width: 760px) 100vw, 760px\" \/><\/p>\n<p><img loading=\"lazy\" decoding=\"async\" class=\"alignnone size-full wp-image-4664\" src=\"https:\/\/www.tilmanvogler.com\/wp-content\/uploads\/2017\/12\/Tilman-Vogler-Hochzeitsfotograf-Berlin-Solingen-Gartenhochzeit-Neuk\u00f6lln-46.jpg\" alt=\"Braut und Br\u00e4utigam k\u00fcssen sich\" width=\"759\" height=\"524\" srcset=\"https:\/\/www.tilmanvogler.com\/wp-content\/uploads\/2017\/12\/Tilman-Vogler-Hochzeitsfotograf-Berlin-Solingen-Gartenhochzeit-Neuk\u00f6lln-46.jpg 759w, https:\/\/www.tilmanvogler.com\/wp-content\/uploads\/2017\/12\/Tilman-Vogler-Hochzeitsfotograf-Berlin-Solingen-Gartenhochzeit-Neuk\u00f6lln-46-300x207.jpg 300w, https:\/\/www.tilmanvogler.com\/wp-content\/uploads\/2017\/12\/Tilman-Vogler-Hochzeitsfotograf-Berlin-Solingen-Gartenhochzeit-Neuk\u00f6lln-46-690x476.jpg 690w, https:\/\/www.tilmanvogler.com\/wp-content\/uploads\/2017\/12\/Tilman-Vogler-Hochzeitsfotograf-Berlin-Solingen-Gartenhochzeit-Neuk\u00f6lln-46-720x497.jpg 720w\" sizes=\"(max-width: 759px) 100vw, 759px\" \/><\/p>\n<p><img loading=\"lazy\" decoding=\"async\" class=\"alignnone wp-image-4665 size-full\" src=\"https:\/\/www.tilmanvogler.com\/wp-content\/uploads\/2017\/12\/Tilman-Vogler-Hochzeitsfotograf-Berlin-Solingen-Gartenhochzeit-Neuk\u00f6lln-47.jpg\" alt=\"Braut schaut Br\u00e4utigam verliebt an\" width=\"760\" height=\"507\" srcset=\"https:\/\/www.tilmanvogler.com\/wp-content\/uploads\/2017\/12\/Tilman-Vogler-Hochzeitsfotograf-Berlin-Solingen-Gartenhochzeit-Neuk\u00f6lln-47.jpg 760w, https:\/\/www.tilmanvogler.com\/wp-content\/uploads\/2017\/12\/Tilman-Vogler-Hochzeitsfotograf-Berlin-Solingen-Gartenhochzeit-Neuk\u00f6lln-47-300x200.jpg 300w, https:\/\/www.tilmanvogler.com\/wp-content\/uploads\/2017\/12\/Tilman-Vogler-Hochzeitsfotograf-Berlin-Solingen-Gartenhochzeit-Neuk\u00f6lln-47-690x460.jpg 690w, https:\/\/www.tilmanvogler.com\/wp-content\/uploads\/2017\/12\/Tilman-Vogler-Hochzeitsfotograf-Berlin-Solingen-Gartenhochzeit-Neuk\u00f6lln-47-720x480.jpg 720w\" sizes=\"(max-width: 760px) 100vw, 760px\" \/><\/p>\n<p><img loading=\"lazy\" decoding=\"async\" class=\"alignnone size-full wp-image-4666\" src=\"https:\/\/www.tilmanvogler.com\/wp-content\/uploads\/2017\/12\/Tilman-Vogler-Hochzeitsfotograf-Berlin-Solingen-Gartenhochzeit-Neuk\u00f6lln-48.jpg\" alt=\"Wundersch\u00f6ne Braut mit Strauss\" width=\"759\" height=\"524\" srcset=\"https:\/\/www.tilmanvogler.com\/wp-content\/uploads\/2017\/12\/Tilman-Vogler-Hochzeitsfotograf-Berlin-Solingen-Gartenhochzeit-Neuk\u00f6lln-48.jpg 759w, https:\/\/www.tilmanvogler.com\/wp-content\/uploads\/2017\/12\/Tilman-Vogler-Hochzeitsfotograf-Berlin-Solingen-Gartenhochzeit-Neuk\u00f6lln-48-300x207.jpg 300w, https:\/\/www.tilmanvogler.com\/wp-content\/uploads\/2017\/12\/Tilman-Vogler-Hochzeitsfotograf-Berlin-Solingen-Gartenhochzeit-Neuk\u00f6lln-48-690x476.jpg 690w, https:\/\/www.tilmanvogler.com\/wp-content\/uploads\/2017\/12\/Tilman-Vogler-Hochzeitsfotograf-Berlin-Solingen-Gartenhochzeit-Neuk\u00f6lln-48-720x497.jpg 720w\" sizes=\"(max-width: 759px) 100vw, 759px\" \/><\/p>\n<p><img loading=\"lazy\" decoding=\"async\" class=\"alignnone size-full wp-image-4667\" src=\"https:\/\/www.tilmanvogler.com\/wp-content\/uploads\/2017\/12\/Tilman-Vogler-Hochzeitsfotograf-Berlin-Solingen-Gartenhochzeit-Neuk\u00f6lln-49.jpg\" alt=\"Gut aussehender Br\u00e4utigam in Schwarz Wei\u00df\" width=\"759\" height=\"524\" srcset=\"https:\/\/www.tilmanvogler.com\/wp-content\/uploads\/2017\/12\/Tilman-Vogler-Hochzeitsfotograf-Berlin-Solingen-Gartenhochzeit-Neuk\u00f6lln-49.jpg 759w, https:\/\/www.tilmanvogler.com\/wp-content\/uploads\/2017\/12\/Tilman-Vogler-Hochzeitsfotograf-Berlin-Solingen-Gartenhochzeit-Neuk\u00f6lln-49-300x207.jpg 300w, https:\/\/www.tilmanvogler.com\/wp-content\/uploads\/2017\/12\/Tilman-Vogler-Hochzeitsfotograf-Berlin-Solingen-Gartenhochzeit-Neuk\u00f6lln-49-690x476.jpg 690w, https:\/\/www.tilmanvogler.com\/wp-content\/uploads\/2017\/12\/Tilman-Vogler-Hochzeitsfotograf-Berlin-Solingen-Gartenhochzeit-Neuk\u00f6lln-49-720x497.jpg 720w\" sizes=\"(max-width: 759px) 100vw, 759px\" \/><\/p>\n<p><img loading=\"lazy\" decoding=\"async\" class=\"alignnone size-full wp-image-4668\" src=\"https:\/\/www.tilmanvogler.com\/wp-content\/uploads\/2017\/12\/Tilman-Vogler-Hochzeitsfotograf-Berlin-Solingen-Gartenhochzeit-Neuk\u00f6lln-50.jpg\" alt=\"Umschlungenes Hochzeitspaar\" width=\"760\" height=\"507\" srcset=\"https:\/\/www.tilmanvogler.com\/wp-content\/uploads\/2017\/12\/Tilman-Vogler-Hochzeitsfotograf-Berlin-Solingen-Gartenhochzeit-Neuk\u00f6lln-50.jpg 760w, https:\/\/www.tilmanvogler.com\/wp-content\/uploads\/2017\/12\/Tilman-Vogler-Hochzeitsfotograf-Berlin-Solingen-Gartenhochzeit-Neuk\u00f6lln-50-300x200.jpg 300w, https:\/\/www.tilmanvogler.com\/wp-content\/uploads\/2017\/12\/Tilman-Vogler-Hochzeitsfotograf-Berlin-Solingen-Gartenhochzeit-Neuk\u00f6lln-50-690x460.jpg 690w, https:\/\/www.tilmanvogler.com\/wp-content\/uploads\/2017\/12\/Tilman-Vogler-Hochzeitsfotograf-Berlin-Solingen-Gartenhochzeit-Neuk\u00f6lln-50-720x480.jpg 720w\" sizes=\"(max-width: 760px) 100vw, 760px\" \/><\/p>\n","protected":false},"excerpt":{"rendered":"<p>A DIY wedding in Berlin Neuk\u00f6lln<\/p>\n","protected":false},"author":2,"featured_media":16827,"comment_status":"closed","ping_status":"closed","sticky":false,"template":"","format":"standard","meta":{"footnotes":""},"categories":[25],"tags":[],"class_list":["post-15408","post","type-post","status-publish","format-standard","has-post-thumbnail","hentry","category-wedding-photography"],"yoast_head":"<!-- This site is optimized with the Yoast SEO plugin v27.4 - https:\/\/yoast.com\/product\/yoast-seo-wordpress\/ -->\n<title>Garden Wedding in Berlin - Tilman Vogler Photography<\/title>\n<meta name=\"description\" content=\"Garden weddings are something truly special. And if you&#039;re lucky enough to have a garden in Berlin why not seize the opportunity and celebrate at home...\" \/>\n<meta name=\"robots\" content=\"index, follow, max-snippet:-1, max-image-preview:large, max-video-preview:-1\" \/>\n<link rel=\"canonical\" href=\"https:\/\/www.tilmanvogler.com\/en\/2017\/12\/garden-wedding-in-berlin\/\" \/>\n<meta name=\"twitter:label1\" content=\"Written by\" \/>\n\t<meta name=\"twitter:data1\" content=\"Tilman\" \/>\n\t<meta name=\"twitter:label2\" content=\"Est. reading time\" \/>\n\t<meta name=\"twitter:data2\" content=\"1 minute\" \/>\n<script type=\"application\/ld+json\" class=\"yoast-schema-graph\">{\"@context\":\"https:\\\/\\\/schema.org\",\"@graph\":[{\"@type\":\"Article\",\"@id\":\"https:\\\/\\\/www.tilmanvogler.com\\\/en\\\/2017\\\/12\\\/garden-wedding-in-berlin\\\/#article\",\"isPartOf\":{\"@id\":\"https:\\\/\\\/www.tilmanvogler.com\\\/en\\\/2017\\\/12\\\/garden-wedding-in-berlin\\\/\"},\"author\":{\"name\":\"Tilman\",\"@id\":\"https:\\\/\\\/www.tilmanvogler.com\\\/en\\\/#\\\/schema\\\/person\\\/2cd54ae3f3d373a3c90bba36e6845acf\"},\"headline\":\"Garden wedding in Berlin\",\"datePublished\":\"2017-12-27T05:38:00+00:00\",\"dateModified\":\"2020-06-03T08:15:52+00:00\",\"mainEntityOfPage\":{\"@id\":\"https:\\\/\\\/www.tilmanvogler.com\\\/en\\\/2017\\\/12\\\/garden-wedding-in-berlin\\\/\"},\"wordCount\":227,\"image\":{\"@id\":\"https:\\\/\\\/www.tilmanvogler.com\\\/en\\\/2017\\\/12\\\/garden-wedding-in-berlin\\\/#primaryimage\"},\"thumbnailUrl\":\"https:\\\/\\\/www.tilmanvogler.com\\\/wp-content\\\/uploads\\\/2017\\\/12\\\/Tilman-Vogler-Hochzeitsfotograf-Berlin-Solingen-Gartenhochzeit-Neuk\u00f6lln-43.jpg\",\"articleSection\":[\"REAL WEDDINGS\"],\"inLanguage\":\"en-US\"},{\"@type\":\"WebPage\",\"@id\":\"https:\\\/\\\/www.tilmanvogler.com\\\/en\\\/2017\\\/12\\\/garden-wedding-in-berlin\\\/\",\"url\":\"https:\\\/\\\/www.tilmanvogler.com\\\/en\\\/2017\\\/12\\\/garden-wedding-in-berlin\\\/\",\"name\":\"Garden Wedding in Berlin - Tilman Vogler Photography\",\"isPartOf\":{\"@id\":\"https:\\\/\\\/www.tilmanvogler.com\\\/en\\\/#website\"},\"primaryImageOfPage\":{\"@id\":\"https:\\\/\\\/www.tilmanvogler.com\\\/en\\\/2017\\\/12\\\/garden-wedding-in-berlin\\\/#primaryimage\"},\"image\":{\"@id\":\"https:\\\/\\\/www.tilmanvogler.com\\\/en\\\/2017\\\/12\\\/garden-wedding-in-berlin\\\/#primaryimage\"},\"thumbnailUrl\":\"https:\\\/\\\/www.tilmanvogler.com\\\/wp-content\\\/uploads\\\/2017\\\/12\\\/Tilman-Vogler-Hochzeitsfotograf-Berlin-Solingen-Gartenhochzeit-Neuk\u00f6lln-43.jpg\",\"datePublished\":\"2017-12-27T05:38:00+00:00\",\"dateModified\":\"2020-06-03T08:15:52+00:00\",\"author\":{\"@id\":\"https:\\\/\\\/www.tilmanvogler.com\\\/en\\\/#\\\/schema\\\/person\\\/2cd54ae3f3d373a3c90bba36e6845acf\"},\"description\":\"Garden weddings are something truly special. And if you're lucky enough to have a garden in Berlin why not seize the opportunity and celebrate at home...\",\"breadcrumb\":{\"@id\":\"https:\\\/\\\/www.tilmanvogler.com\\\/en\\\/2017\\\/12\\\/garden-wedding-in-berlin\\\/#breadcrumb\"},\"inLanguage\":\"en-US\",\"potentialAction\":[{\"@type\":\"ReadAction\",\"target\":[\"https:\\\/\\\/www.tilmanvogler.com\\\/en\\\/2017\\\/12\\\/garden-wedding-in-berlin\\\/\"]}]},{\"@type\":\"ImageObject\",\"inLanguage\":\"en-US\",\"@id\":\"https:\\\/\\\/www.tilmanvogler.com\\\/en\\\/2017\\\/12\\\/garden-wedding-in-berlin\\\/#primaryimage\",\"url\":\"https:\\\/\\\/www.tilmanvogler.com\\\/wp-content\\\/uploads\\\/2017\\\/12\\\/Tilman-Vogler-Hochzeitsfotograf-Berlin-Solingen-Gartenhochzeit-Neuk\u00f6lln-43.jpg\",\"contentUrl\":\"https:\\\/\\\/www.tilmanvogler.com\\\/wp-content\\\/uploads\\\/2017\\\/12\\\/Tilman-Vogler-Hochzeitsfotograf-Berlin-Solingen-Gartenhochzeit-Neuk\u00f6lln-43.jpg\",\"width\":760,\"height\":507,\"caption\":\"Gartenhochzeit\"},{\"@type\":\"BreadcrumbList\",\"@id\":\"https:\\\/\\\/www.tilmanvogler.com\\\/en\\\/2017\\\/12\\\/garden-wedding-in-berlin\\\/#breadcrumb\",\"itemListElement\":[{\"@type\":\"ListItem\",\"position\":1,\"name\":\"Home\",\"item\":\"https:\\\/\\\/www.tilmanvogler.com\\\/en\\\/\"},{\"@type\":\"ListItem\",\"position\":2,\"name\":\"Garden wedding in Berlin\"}]},{\"@type\":\"WebSite\",\"@id\":\"https:\\\/\\\/www.tilmanvogler.com\\\/en\\\/#website\",\"url\":\"https:\\\/\\\/www.tilmanvogler.com\\\/en\\\/\",\"name\":\"Tilman Vogler Fotografie\",\"description\":\"Hochzeitsfotograf Berlin, Familienfotografie\",\"potentialAction\":[{\"@type\":\"SearchAction\",\"target\":{\"@type\":\"EntryPoint\",\"urlTemplate\":\"https:\\\/\\\/www.tilmanvogler.com\\\/en\\\/?s={search_term_string}\"},\"query-input\":{\"@type\":\"PropertyValueSpecification\",\"valueRequired\":true,\"valueName\":\"search_term_string\"}}],\"inLanguage\":\"en-US\"},{\"@type\":\"Person\",\"@id\":\"https:\\\/\\\/www.tilmanvogler.com\\\/en\\\/#\\\/schema\\\/person\\\/2cd54ae3f3d373a3c90bba36e6845acf\",\"name\":\"Tilman\"}]}<\/script>\n<!-- \/ Yoast SEO plugin. -->","yoast_head_json":{"title":"Garden Wedding in Berlin - Tilman Vogler Photography","description":"Garden weddings are something truly special. And if you're lucky enough to have a garden in Berlin why not seize the opportunity and celebrate at home...","robots":{"index":"index","follow":"follow","max-snippet":"max-snippet:-1","max-image-preview":"max-image-preview:large","max-video-preview":"max-video-preview:-1"},"canonical":"https:\/\/www.tilmanvogler.com\/en\/2017\/12\/garden-wedding-in-berlin\/","twitter_misc":{"Written by":"Tilman","Est. reading time":"1 minute"},"schema":{"@context":"https:\/\/schema.org","@graph":[{"@type":"Article","@id":"https:\/\/www.tilmanvogler.com\/en\/2017\/12\/garden-wedding-in-berlin\/#article","isPartOf":{"@id":"https:\/\/www.tilmanvogler.com\/en\/2017\/12\/garden-wedding-in-berlin\/"},"author":{"name":"Tilman","@id":"https:\/\/www.tilmanvogler.com\/en\/#\/schema\/person\/2cd54ae3f3d373a3c90bba36e6845acf"},"headline":"Garden wedding in Berlin","datePublished":"2017-12-27T05:38:00+00:00","dateModified":"2020-06-03T08:15:52+00:00","mainEntityOfPage":{"@id":"https:\/\/www.tilmanvogler.com\/en\/2017\/12\/garden-wedding-in-berlin\/"},"wordCount":227,"image":{"@id":"https:\/\/www.tilmanvogler.com\/en\/2017\/12\/garden-wedding-in-berlin\/#primaryimage"},"thumbnailUrl":"https:\/\/www.tilmanvogler.com\/wp-content\/uploads\/2017\/12\/Tilman-Vogler-Hochzeitsfotograf-Berlin-Solingen-Gartenhochzeit-Neuk\u00f6lln-43.jpg","articleSection":["REAL WEDDINGS"],"inLanguage":"en-US"},{"@type":"WebPage","@id":"https:\/\/www.tilmanvogler.com\/en\/2017\/12\/garden-wedding-in-berlin\/","url":"https:\/\/www.tilmanvogler.com\/en\/2017\/12\/garden-wedding-in-berlin\/","name":"Garden Wedding in Berlin - Tilman Vogler Photography","isPartOf":{"@id":"https:\/\/www.tilmanvogler.com\/en\/#website"},"primaryImageOfPage":{"@id":"https:\/\/www.tilmanvogler.com\/en\/2017\/12\/garden-wedding-in-berlin\/#primaryimage"},"image":{"@id":"https:\/\/www.tilmanvogler.com\/en\/2017\/12\/garden-wedding-in-berlin\/#primaryimage"},"thumbnailUrl":"https:\/\/www.tilmanvogler.com\/wp-content\/uploads\/2017\/12\/Tilman-Vogler-Hochzeitsfotograf-Berlin-Solingen-Gartenhochzeit-Neuk\u00f6lln-43.jpg","datePublished":"2017-12-27T05:38:00+00:00","dateModified":"2020-06-03T08:15:52+00:00","author":{"@id":"https:\/\/www.tilmanvogler.com\/en\/#\/schema\/person\/2cd54ae3f3d373a3c90bba36e6845acf"},"description":"Garden weddings are something truly special. And if you're lucky enough to have a garden in Berlin why not seize the opportunity and celebrate at home...","breadcrumb":{"@id":"https:\/\/www.tilmanvogler.com\/en\/2017\/12\/garden-wedding-in-berlin\/#breadcrumb"},"inLanguage":"en-US","potentialAction":[{"@type":"ReadAction","target":["https:\/\/www.tilmanvogler.com\/en\/2017\/12\/garden-wedding-in-berlin\/"]}]},{"@type":"ImageObject","inLanguage":"en-US","@id":"https:\/\/www.tilmanvogler.com\/en\/2017\/12\/garden-wedding-in-berlin\/#primaryimage","url":"https:\/\/www.tilmanvogler.com\/wp-content\/uploads\/2017\/12\/Tilman-Vogler-Hochzeitsfotograf-Berlin-Solingen-Gartenhochzeit-Neuk\u00f6lln-43.jpg","contentUrl":"https:\/\/www.tilmanvogler.com\/wp-content\/uploads\/2017\/12\/Tilman-Vogler-Hochzeitsfotograf-Berlin-Solingen-Gartenhochzeit-Neuk\u00f6lln-43.jpg","width":760,"height":507,"caption":"Gartenhochzeit"},{"@type":"BreadcrumbList","@id":"https:\/\/www.tilmanvogler.com\/en\/2017\/12\/garden-wedding-in-berlin\/#breadcrumb","itemListElement":[{"@type":"ListItem","position":1,"name":"Home","item":"https:\/\/www.tilmanvogler.com\/en\/"},{"@type":"ListItem","position":2,"name":"Garden wedding in Berlin"}]},{"@type":"WebSite","@id":"https:\/\/www.tilmanvogler.com\/en\/#website","url":"https:\/\/www.tilmanvogler.com\/en\/","name":"Tilman Vogler Fotografie","description":"Hochzeitsfotograf Berlin, Familienfotografie","potentialAction":[{"@type":"SearchAction","target":{"@type":"EntryPoint","urlTemplate":"https:\/\/www.tilmanvogler.com\/en\/?s={search_term_string}"},"query-input":{"@type":"PropertyValueSpecification","valueRequired":true,"valueName":"search_term_string"}}],"inLanguage":"en-US"},{"@type":"Person","@id":"https:\/\/www.tilmanvogler.com\/en\/#\/schema\/person\/2cd54ae3f3d373a3c90bba36e6845acf","name":"Tilman"}]}},"_links":{"self":[{"href":"https:\/\/www.tilmanvogler.com\/en\/wp-json\/wp\/v2\/posts\/15408","targetHints":{"allow":["GET"]}}],"collection":[{"href":"https:\/\/www.tilmanvogler.com\/en\/wp-json\/wp\/v2\/posts"}],"about":[{"href":"https:\/\/www.tilmanvogler.com\/en\/wp-json\/wp\/v2\/types\/post"}],"author":[{"embeddable":true,"href":"https:\/\/www.tilmanvogler.com\/en\/wp-json\/wp\/v2\/users\/2"}],"replies":[{"embeddable":true,"href":"https:\/\/www.tilmanvogler.com\/en\/wp-json\/wp\/v2\/comments?post=15408"}],"version-history":[{"count":2,"href":"https:\/\/www.tilmanvogler.com\/en\/wp-json\/wp\/v2\/posts\/15408\/revisions"}],"predecessor-version":[{"id":18018,"href":"https:\/\/www.tilmanvogler.com\/en\/wp-json\/wp\/v2\/posts\/15408\/revisions\/18018"}],"wp:featuredmedia":[{"embeddable":true,"href":"https:\/\/www.tilmanvogler.com\/en\/wp-json\/wp\/v2\/media\/16827"}],"wp:attachment":[{"href":"https:\/\/www.tilmanvogler.com\/en\/wp-json\/wp\/v2\/media?parent=15408"}],"wp:term":[{"taxonomy":"category","embeddable":true,"href":"https:\/\/www.tilmanvogler.com\/en\/wp-json\/wp\/v2\/categories?post=15408"},{"taxonomy":"post_tag","embeddable":true,"href":"https:\/\/www.tilmanvogler.com\/en\/wp-json\/wp\/v2\/tags?post=15408"}],"curies":[{"name":"wp","href":"https:\/\/api.w.org\/{rel}","templated":true}]}}